{"id":7944,"date":"2019-10-30T08:09:00","date_gmt":"2019-10-30T07:09:00","guid":{"rendered":"https:\/\/www.klimmer-gmbh.de\/?p=7944"},"modified":"2024-03-26T08:30:02","modified_gmt":"2024-03-26T07:30:02","slug":"familienstiftung-projekt-gesichter-der-hoffnung","status":"publish","type":"post","link":"https:\/\/www.klimmer-gmbh.de\/de\/familienstiftung-projekt-gesichter-der-hoffnung\/","title":{"rendered":"Familienstiftung Ernst und Ria Klimmer \u2013 Projekt Gesichter der Hoffnung."},"content":{"rendered":"\n<style type=\"text\/css\" data-created_by=\"avia_inline_auto\" id=\"style-css-av-mu1ni4-df51fce55647a893d7d355f6ad71addd\">\n.avia-section.av-mu1ni4-df51fce55647a893d7d355f6ad71addd{\nbackground-repeat:no-repeat;\nbackground-image:url(https:\/\/www.klimmer-gmbh.de\/wp-content\/uploads\/2023\/05\/Klimmer-Top-Banner-Arbeiten-bei-klimmer.jpg);\nbackground-position:50% 0%;\nbackground-attachment:scroll;\n}\n<\/style>\n<div id='special-teaser-section'  class='avia-section av-mu1ni4-df51fce55647a893d7d355f6ad71addd main_color avia-section-default avia-no-border-styling  avia-builder-el-0  el_before_av_section  avia-builder-el-first  avia-full-stretch avia-bg-style-scroll av-minimum-height av-minimum-height-custom av-height-custom  container_wrap fullsize'  data-section-bg-repeat='stretch' data-av_minimum_height_px='600'><div class='container av-section-cont-open' style='height:600px'><main  role=\"main\" itemprop=\"mainContentOfPage\"  class='template-page content  av-content-full alpha units'><div class='post-entry post-entry-type-page post-entry-7944'><div class='entry-content-wrapper clearfix'>\n\n<style type=\"text\/css\" data-created_by=\"avia_inline_auto\" id=\"style-css-av-kcjruk-af8a3a7b2b4b89b6865d5e580c5c51a9\">\n.flex_column.av-kcjruk-af8a3a7b2b4b89b6865d5e580c5c51a9{\nborder-radius:0px 0px 0px 0px;\npadding:0px 0px 0px 0px;\n}\n<\/style>\n<div  id=\"special-teaser\"  class='flex_column av-kcjruk-af8a3a7b2b4b89b6865d5e580c5c51a9 av_one_full  avia-builder-el-1  avia-builder-el-no-sibling  first flex_column_div av-zero-column-padding  '     ><style type=\"text\/css\" data-created_by=\"avia_inline_auto\" id=\"style-css-av-kltgbgy2-0803c337f41fd266bfb664ca239d6f96\">\n#top .av-special-heading.av-kltgbgy2-0803c337f41fd266bfb664ca239d6f96{\npadding-bottom:10px;\n}\nbody .av-special-heading.av-kltgbgy2-0803c337f41fd266bfb664ca239d6f96 .av-special-heading-tag .heading-char{\nfont-size:25px;\n}\n.av-special-heading.av-kltgbgy2-0803c337f41fd266bfb664ca239d6f96 .av-subheading{\nfont-size:15px;\n}\n<\/style>\n<div  id=\"teaser-headline\"  class='av-special-heading av-kltgbgy2-0803c337f41fd266bfb664ca239d6f96 av-special-heading-h1 blockquote modern-quote  avia-builder-el-2  avia-builder-el-no-sibling '><h1 class='av-special-heading-tag '  itemprop=\"headline\"  >Familienstiftung Ernst und Ria Klimmer \u2013 Projekt Gesichter der Hoffnung.<\/h1><div class=\"special-heading-border\"><div class=\"special-heading-inner-border\"><\/div><\/div><\/div><\/div>\n\n<\/div><\/div><\/main><!-- close content main element --><\/div><\/div><div id='av_section_2'  class='avia-section av-jj6w0c-af83d8dddcb476734fd0aba904d9956f main_color avia-section-default avia-no-border-styling  avia-builder-el-3  el_after_av_section  avia-builder-el-last  avia-bg-style-scroll container_wrap fullsize'  ><div class='container av-section-cont-open' ><div class='template-page content  av-content-full alpha units'><div class='post-entry post-entry-type-page post-entry-7944'><div class='entry-content-wrapper clearfix'>\n<section  class='av_textblock_section av-hryfuk-3d70c94c6a728ec8f500c8e961593034 '   itemscope=\"itemscope\" itemtype=\"https:\/\/schema.org\/BlogPosting\" itemprop=\"blogPost\" ><div class='avia_textblock'  itemprop=\"text\" ><div class=\"breadcrumb breadcrumbs avia-breadcrumbs\"><div class=\"breadcrumb-trail\" ><span class=\"trail-before\"><span class=\"breadcrumb-title\">Du bist hier:<\/span><\/span> <span  itemscope=\"itemscope\" itemtype=\"https:\/\/schema.org\/BreadcrumbList\" ><span  itemscope=\"itemscope\" itemtype=\"https:\/\/schema.org\/ListItem\" itemprop=\"itemListElement\" ><a itemprop=\"url\" href=\"https:\/\/www.klimmer-gmbh.de\/de\/\" title=\"Klimmer GmbH\" rel=\"home\" class=\"trail-begin\"><span itemprop=\"name\">Startseite<\/span><\/a><span itemprop=\"position\" class=\"hidden\">1<\/span><\/span><\/span><\/div><\/div>\n<\/div><\/section>\n<div class='flex_column_table av-1iac2k-d711965f27a7033b3eabf571ecd5ff9c sc-av_two_third av-equal-height-column-flextable'>\n<style type=\"text\/css\" data-created_by=\"avia_inline_auto\" id=\"style-css-av-1iac2k-d711965f27a7033b3eabf571ecd5ff9c\">\n.flex_column.av-1iac2k-d711965f27a7033b3eabf571ecd5ff9c{\nborder-radius:0px 0px 0px 0px;\npadding:0px 0px 0px 0px;\n}\n<\/style>\n<div  class='flex_column av-1iac2k-d711965f27a7033b3eabf571ecd5ff9c av_two_third  avia-builder-el-5  el_after_av_textblock  el_before_av_one_third  first flex_column_table_cell av-equal-height-column av-align-top av-zero-column-padding  column-top-margin'     ><p>\n<style type=\"text\/css\" data-created_by=\"avia_inline_auto\" id=\"style-css-av-dl375o-7bba97ceeb78221873074fef72a495c4\">\n#top .hr.av-dl375o-7bba97ceeb78221873074fef72a495c4{\nmargin-top:0px;\nmargin-bottom:0px;\n}\n.hr.av-dl375o-7bba97ceeb78221873074fef72a495c4 .hr-inner{\nwidth:100%;\nborder-color:#1e80c2;\n}\n<\/style>\n<div  id=\"custom-hr-line-blue\"  class='hr av-dl375o-7bba97ceeb78221873074fef72a495c4 hr-custom  avia-builder-el-6  el_before_av_heading  avia-builder-el-first  hr-center hr-icon-no'><span class='hr-inner inner-border-av-border-fat'><span class=\"hr-inner-style\"><\/span><\/span><\/div><br \/>\n\n<style type=\"text\/css\" data-created_by=\"avia_inline_auto\" id=\"style-css-av-kltgcmzh-a9cb5323bf0c970f0814b6b705067b21\">\n#top .av-special-heading.av-kltgcmzh-a9cb5323bf0c970f0814b6b705067b21{\npadding-bottom:10px;\n}\nbody .av-special-heading.av-kltgcmzh-a9cb5323bf0c970f0814b6b705067b21 .av-special-heading-tag .heading-char{\nfont-size:25px;\n}\n.av-special-heading.av-kltgcmzh-a9cb5323bf0c970f0814b6b705067b21 .av-subheading{\nfont-size:15px;\n}\n<\/style>\n<div  class='av-special-heading av-kltgcmzh-a9cb5323bf0c970f0814b6b705067b21 av-special-heading-h5 blockquote modern-quote  avia-builder-el-7  el_after_av_hr  el_before_av_hr '><h5 class='av-special-heading-tag '  itemprop=\"headline\"  >30. OKTOBER 2019 | PRESSEMITTEILUNGEN.<\/h5><div class=\"special-heading-border\"><div class=\"special-heading-inner-border\"><\/div><\/div><\/div><br \/>\n\n<style type=\"text\/css\" data-created_by=\"avia_inline_auto\" id=\"style-css-av-cznldo-467ee6b8e844c849edefe7e9413b12e0\">\n#top .hr.hr-invisible.av-cznldo-467ee6b8e844c849edefe7e9413b12e0{\nheight:50px;\n}\n<\/style>\n<div  class='hr av-cznldo-467ee6b8e844c849edefe7e9413b12e0 hr-invisible  avia-builder-el-8  el_after_av_heading  el_before_av_image '><span class='hr-inner '><span class=\"hr-inner-style\"><\/span><\/span><\/div><br \/>\n\n<style type=\"text\/css\" data-created_by=\"avia_inline_auto\" id=\"style-css-av-l7pwzk94-f8e1c6eadcab5b4646764650230ce63f\">\n.avia-image-container.av-l7pwzk94-f8e1c6eadcab5b4646764650230ce63f img.avia_image{\nbox-shadow:none;\n}\n.avia-image-container.av-l7pwzk94-f8e1c6eadcab5b4646764650230ce63f .av-image-caption-overlay-center{\ncolor:#ffffff;\n}\n<\/style>\n<div  class='avia-image-container av-l7pwzk94-f8e1c6eadcab5b4646764650230ce63f av-styling- avia-align-center  avia-builder-el-9  el_after_av_hr  el_before_av_textblock '   itemprop=\"image\" itemscope=\"itemscope\" itemtype=\"https:\/\/schema.org\/ImageObject\" ><div class=\"avia-image-container-inner\"><div class=\"avia-image-overlay-wrap\"><img decoding=\"async\" fetchpriority=\"high\" class='wp-image-7948 avia-img-lazy-loading-not-7948 avia_image ' src=\"https:\/\/www.klimmer-gmbh.de\/wp-content\/uploads\/2024\/03\/30_Okt_2019_Familienstiftung-Projekt-Gesichter-Hoffnung-1300x866-1.jpg\" alt='' title=''  height=\"866\" width=\"1300\"  itemprop=\"thumbnailUrl\" srcset=\"https:\/\/www.klimmer-gmbh.de\/wp-content\/uploads\/2024\/03\/30_Okt_2019_Familienstiftung-Projekt-Gesichter-Hoffnung-1300x866-1.jpg 1300w, https:\/\/www.klimmer-gmbh.de\/wp-content\/uploads\/2024\/03\/30_Okt_2019_Familienstiftung-Projekt-Gesichter-Hoffnung-1300x866-1-300x200.jpg 300w, https:\/\/www.klimmer-gmbh.de\/wp-content\/uploads\/2024\/03\/30_Okt_2019_Familienstiftung-Projekt-Gesichter-Hoffnung-1300x866-1-1030x686.jpg 1030w, https:\/\/www.klimmer-gmbh.de\/wp-content\/uploads\/2024\/03\/30_Okt_2019_Familienstiftung-Projekt-Gesichter-Hoffnung-1300x866-1-768x512.jpg 768w\" sizes=\"(max-width: 1300px) 100vw, 1300px\" \/><\/div><\/div><\/div><br \/>\n<section  class='av_textblock_section av-km0a28cm-be9b304b6e3bf79a7b946722edd5a25e '   itemscope=\"itemscope\" itemtype=\"https:\/\/schema.org\/BlogPosting\" itemprop=\"blogPost\" ><div class='avia_textblock'  itemprop=\"text\" ><p>Die Arbeit unter dem Dach der ChildFund Stif\u00adtung bietet vielf\u00e4ltige M\u00f6glich\u00adkei\u00adten, be\u00adnach\u00adteiligte Kin\u00adder und Jugend\u00adliche zu unter\u00adst\u00fct\u00adzen. Ein wun\u00adder\u00adba\u00adres Bei\u00adspiel hier\u00adf\u00fcr ist das Enga\u00adge\u00adment der Fa\u00admi\u00adlien\u00adstif\u00adtung Klim\u00admer: Sie hat seit ihrer Er\u00adrich\u00adtung bereits un\u00adter\u00adschied\u00adliche Ar\u00adten der Pro\u00adjekt\u00adf\u00f6r\u00adde\u00adrung erfolg\u00adreich um\u00adgesetzt \u2013 von der Ver\u00adwirk\u00adli\u00adchung ei\u00adge\u00adner Pro\u00adjekte \u00fcber die an\u00adtei\u00adlige F\u00f6r\u00adde\u00adrung ge\u00admein\u00adschaft\u00adlicher Vor\u00adhaben bis hin zur Fort\u00adset\u00adzung eta\u00adblier\u00adter Konzepte.\u00a0Oben ein aktuelles Beispiel aus der Arbeit der Stiftung.<\/p>\n<p>INDIEN \u2013 GESICHTER DER HOFFNUNG<\/p>\n<p>Trotz Wirtschaftsboom leben 40 % der 1,2 Mrd. Inder in extre\u00admer Armut. Zu den gr\u00f6\u00df\u00adten Heraus\u00adforde\u00adrun\u00adgen geh\u00f6\u00adren l\u00e4nd\u00adliche Ent\u00adwick\u00adlung, Ge\u00adsund\u00adheit \u2013 und Bil\u00addung. Die Alpha\u00adbeti\u00adsie\u00adrung schrei\u00adtet voran, doch noch k\u00f6n\u00adnen \u00fcber 280 Mio. Menschen weder lesen noch schreiben. Die meis\u00adten davon sind Frauen, die gerade in schwach entwi\u00adckel\u00adten, tradi\u00adti\u00adonell gepr\u00e4g\u00adten Regio\u00adnen stark be\u00adnach\u00adtei\u00adligt sind. Dabei gibt es auch dort unz\u00e4h\u00adlige M\u00e4dchen, die den Willen und das Poten\u00adtial haben, Armut und Abh\u00e4n\u00adgig\u00adkeit zu \u00fcber\u00adwinden. Sie wollen studie\u00adren, einen Beruf ergreifen und ihren Familien und Ge\u00admein\u00adschaf\u00adten helfen.<\/p>\n<p>Eine echte Chance f\u00fcr M\u00e4dchen aus armen Familie.<\/p>\n<p>In den Bundes\u00adstaa\u00adten Rajas\u00adthan und Madhya Pra\u00addesh bekom\u00admen viele M\u00e4d\u00adchen auch mit Unter\u00adst\u00fct\u00adzung der Fami\u00adlien\u00adstif\u00adtung Klimmer die Chan\u00adce dazu. \u00dcber die ChildFund Ini\u00adtia\u00adtive \u201eGesich\u00adter der Hoff\u00adnung\u201c er\u00adhalten M\u00e4dchen aus armen Familien die Chance auf eine Aus\u00adbil\u00addung an Fach- und Hoch\u00adschu\u00adlen und damit auf ein gutes Ein\u00adkom\u00admen, Selbst\u00adbestim\u00admung und W\u00fcr\u00adde. Gebil\u00addete Frauen sind besser ge\u00adsch\u00fctzt vor Armut und Gewalt, sie heiraten sp\u00e4ter und werden eher ge\u00adsell\u00adschaft\u00adlich aktiv. Die F\u00f6rderung (Kosten f\u00fcr Unterkunft, Fahrten und B\u00fccher) und Beratung hilft begabten M\u00e4dchen auf diesem Weg. Mit Ihrer Spende in Form eines Cocktails wollen wir auch in 2019\/2020 helfen.<\/p>\n<div class=\"col-12 col-sm-10 col-md-8 col-lg-8 col-xl-8\">\n<div class=\"basic_content\"><\/div>\n<\/div>\n<\/div><\/section><\/p><\/div><div class='av-flex-placeholder'><\/div>\n<style type=\"text\/css\" data-created_by=\"avia_inline_auto\" id=\"style-css-av-9snpvw-acd2ac3cf6eeae3a6d155f91996fd474\">\n.flex_column.av-9snpvw-acd2ac3cf6eeae3a6d155f91996fd474{\nborder-radius:0px 0px 0px 0px;\npadding:0px 0px 0px 0px;\n}\n<\/style>\n<div  class='flex_column av-9snpvw-acd2ac3cf6eeae3a6d155f91996fd474 av_one_third  avia-builder-el-11  el_after_av_two_third  el_before_av_button  flex_column_table_cell av-equal-height-column av-align-top av-zero-column-padding  column-top-margin'     ><\/div><\/div><!--close column table wrapper. Autoclose: 1 --><div  class='avia-button-wrap av-2gboq4-b6010ac30879efa0507dfb174b75ed40-wrap avia-button-left  avia-builder-el-12  el_after_av_one_third  avia-builder-el-last '><a href='https:\/\/www.klimmer-gmbh.de\/de\/unternehmen\/newsroom\/'  class='avia-button av-2gboq4-b6010ac30879efa0507dfb174b75ed40 av-link-btn avia-icon_select-no avia-size-small avia-position-left avia-color-theme-color'   aria-label=\"Zur\u00fcck zum Newsroom\"><span class='avia_iconbox_title' >Zur\u00fcck zum Newsroom<\/span><\/a><\/div>\n\n","protected":false},"excerpt":{"rendered":"<p>Von der Ver\u00adwirk\u00adli\u00adchung ei\u00adge\u00adner Pro\u00adjekte \u00fcber die an\u00adtei\u00adlige F\u00f6r\u00adde\u00adrung ge\u00admein\u00adschaft\u00adlicher Vor\u00adhaben bis hin zur Fort\u00adset\u00adzung eta\u00adblier\u00adter Konzepte.<\/p>\n","protected":false},"author":2,"featured_media":7950,"comment_status":"closed","ping_status":"closed","sticky":false,"template":"","format":"standard","meta":{"inline_featured_image":false,"footnotes":""},"categories":[11],"tags":[],"class_list":["post-7944","post","type-post","status-publish","format-standard","has-post-thumbnail","hentry","category-newsroom"],"yoast_head":"<!-- This site is optimized with the Yoast SEO plugin v26.8 - https:\/\/yoast.com\/product\/yoast-seo-wordpress\/ -->\n<title>PROJEKT GESICHTER DER HOFFUNG<\/title>\n<meta name=\"description\" content=\"Die Familienstiftung Klimmer hat seit ihrer Er\u00adrich\u00adtung bereits un\u00adter\u00adschied\u00adliche Ar\u00adten der Pro\u00adjekt\u00adf\u00f6r\u00adde\u00adrung erfolg\u00adreich um\u00adgesetzt.\" \/>\n<meta name=\"robots\" content=\"index, follow, max-snippet:-1, max-image-preview:large, max-video-preview:-1\" \/>\n<link rel=\"canonical\" href=\"https:\/\/www.klimmer-gmbh.de\/de\/familienstiftung-projekt-gesichter-der-hoffnung\/\" \/>\n<meta property=\"og:locale\" content=\"de_DE\" \/>\n<meta property=\"og:type\" content=\"article\" \/>\n<meta property=\"og:title\" content=\"PROJEKT GESICHTER DER HOFFUNG\" \/>\n<meta property=\"og:description\" content=\"Die Familienstiftung Klimmer hat seit ihrer Er\u00adrich\u00adtung bereits un\u00adter\u00adschied\u00adliche Ar\u00adten der Pro\u00adjekt\u00adf\u00f6r\u00adde\u00adrung erfolg\u00adreich um\u00adgesetzt.\" \/>\n<meta property=\"og:url\" content=\"https:\/\/www.klimmer-gmbh.de\/de\/familienstiftung-projekt-gesichter-der-hoffnung\/\" \/>\n<meta property=\"og:site_name\" content=\"Klimmer GmbH\" \/>\n<meta property=\"article:published_time\" content=\"2019-10-30T07:09:00+00:00\" \/>\n<meta property=\"article:modified_time\" content=\"2024-03-26T07:30:02+00:00\" \/>\n<meta property=\"og:image\" content=\"https:\/\/www.klimmer-gmbh.de\/wp-content\/uploads\/2024\/03\/NEWS_30_Okt_2019_Familienstiftung-Projekt-Gesichter-Hoffnung.jpg\" \/>\n\t<meta property=\"og:image:width\" content=\"800\" \/>\n\t<meta property=\"og:image:height\" content=\"800\" \/>\n\t<meta property=\"og:image:type\" content=\"image\/jpeg\" \/>\n<meta name=\"author\" content=\"Agentur Baur\" \/>\n<meta name=\"twitter:card\" content=\"summary_large_image\" \/>\n<meta name=\"twitter:label1\" content=\"Verfasst von\" \/>\n\t<meta name=\"twitter:data1\" content=\"Agentur Baur\" \/>\n\t<meta name=\"twitter:label2\" content=\"Gesch\u00e4tzte Lesezeit\" \/>\n\t<meta name=\"twitter:data2\" content=\"2\u00a0Minuten\" \/>\n<script type=\"application\/ld+json\" class=\"yoast-schema-graph\">{\"@context\":\"https:\/\/schema.org\",\"@graph\":[{\"@type\":\"Article\",\"@id\":\"https:\/\/www.klimmer-gmbh.de\/de\/familienstiftung-projekt-gesichter-der-hoffnung\/#article\",\"isPartOf\":{\"@id\":\"https:\/\/www.klimmer-gmbh.de\/de\/familienstiftung-projekt-gesichter-der-hoffnung\/\"},\"author\":{\"name\":\"Agentur Baur\",\"@id\":\"https:\/\/www.klimmer-gmbh.de\/de\/#\/schema\/person\/d5128cce43d59a59c0aa80e916b38d24\"},\"headline\":\"Familienstiftung Ernst und Ria Klimmer \u2013 Projekt Gesichter der Hoffnung.\",\"datePublished\":\"2019-10-30T07:09:00+00:00\",\"dateModified\":\"2024-03-26T07:30:02+00:00\",\"mainEntityOfPage\":{\"@id\":\"https:\/\/www.klimmer-gmbh.de\/de\/familienstiftung-projekt-gesichter-der-hoffnung\/\"},\"wordCount\":2077,\"publisher\":{\"@id\":\"https:\/\/www.klimmer-gmbh.de\/de\/#organization\"},\"image\":{\"@id\":\"https:\/\/www.klimmer-gmbh.de\/de\/familienstiftung-projekt-gesichter-der-hoffnung\/#primaryimage\"},\"thumbnailUrl\":\"https:\/\/www.klimmer-gmbh.de\/wp-content\/uploads\/2024\/03\/NEWS_30_Okt_2019_Familienstiftung-Projekt-Gesichter-Hoffnung.jpg\",\"articleSection\":[\"Newsroom\"],\"inLanguage\":\"de\"},{\"@type\":\"WebPage\",\"@id\":\"https:\/\/www.klimmer-gmbh.de\/de\/familienstiftung-projekt-gesichter-der-hoffnung\/\",\"url\":\"https:\/\/www.klimmer-gmbh.de\/de\/familienstiftung-projekt-gesichter-der-hoffnung\/\",\"name\":\"PROJEKT GESICHTER DER HOFFUNG\",\"isPartOf\":{\"@id\":\"https:\/\/www.klimmer-gmbh.de\/de\/#website\"},\"primaryImageOfPage\":{\"@id\":\"https:\/\/www.klimmer-gmbh.de\/de\/familienstiftung-projekt-gesichter-der-hoffnung\/#primaryimage\"},\"image\":{\"@id\":\"https:\/\/www.klimmer-gmbh.de\/de\/familienstiftung-projekt-gesichter-der-hoffnung\/#primaryimage\"},\"thumbnailUrl\":\"https:\/\/www.klimmer-gmbh.de\/wp-content\/uploads\/2024\/03\/NEWS_30_Okt_2019_Familienstiftung-Projekt-Gesichter-Hoffnung.jpg\",\"datePublished\":\"2019-10-30T07:09:00+00:00\",\"dateModified\":\"2024-03-26T07:30:02+00:00\",\"description\":\"Die Familienstiftung Klimmer hat seit ihrer Er\u00adrich\u00adtung bereits un\u00adter\u00adschied\u00adliche Ar\u00adten der Pro\u00adjekt\u00adf\u00f6r\u00adde\u00adrung erfolg\u00adreich um\u00adgesetzt.\",\"breadcrumb\":{\"@id\":\"https:\/\/www.klimmer-gmbh.de\/de\/familienstiftung-projekt-gesichter-der-hoffnung\/#breadcrumb\"},\"inLanguage\":\"de\",\"potentialAction\":[{\"@type\":\"ReadAction\",\"target\":[\"https:\/\/www.klimmer-gmbh.de\/de\/familienstiftung-projekt-gesichter-der-hoffnung\/\"]}]},{\"@type\":\"ImageObject\",\"inLanguage\":\"de\",\"@id\":\"https:\/\/www.klimmer-gmbh.de\/de\/familienstiftung-projekt-gesichter-der-hoffnung\/#primaryimage\",\"url\":\"https:\/\/www.klimmer-gmbh.de\/wp-content\/uploads\/2024\/03\/NEWS_30_Okt_2019_Familienstiftung-Projekt-Gesichter-Hoffnung.jpg\",\"contentUrl\":\"https:\/\/www.klimmer-gmbh.de\/wp-content\/uploads\/2024\/03\/NEWS_30_Okt_2019_Familienstiftung-Projekt-Gesichter-Hoffnung.jpg\",\"width\":800,\"height\":800},{\"@type\":\"BreadcrumbList\",\"@id\":\"https:\/\/www.klimmer-gmbh.de\/de\/familienstiftung-projekt-gesichter-der-hoffnung\/#breadcrumb\",\"itemListElement\":[{\"@type\":\"ListItem\",\"position\":1,\"name\":\"Startseite\",\"item\":\"https:\/\/www.klimmer-gmbh.de\/de\/startseite\/\"},{\"@type\":\"ListItem\",\"position\":2,\"name\":\"Familienstiftung Ernst und Ria Klimmer \u2013 Projekt Gesichter der Hoffnung.\"}]},{\"@type\":\"WebSite\",\"@id\":\"https:\/\/www.klimmer-gmbh.de\/de\/#website\",\"url\":\"https:\/\/www.klimmer-gmbh.de\/de\/\",\"name\":\"Klimmer GmbH\",\"description\":\"\",\"publisher\":{\"@id\":\"https:\/\/www.klimmer-gmbh.de\/de\/#organization\"},\"potentialAction\":[{\"@type\":\"SearchAction\",\"target\":{\"@type\":\"EntryPoint\",\"urlTemplate\":\"https:\/\/www.klimmer-gmbh.de\/de\/?s={search_term_string}\"},\"query-input\":{\"@type\":\"PropertyValueSpecification\",\"valueRequired\":true,\"valueName\":\"search_term_string\"}}],\"inLanguage\":\"de\"},{\"@type\":\"Organization\",\"@id\":\"https:\/\/www.klimmer-gmbh.de\/de\/#organization\",\"name\":\"BSB BWB\",\"url\":\"https:\/\/www.klimmer-gmbh.de\/de\/\",\"logo\":{\"@type\":\"ImageObject\",\"inLanguage\":\"de\",\"@id\":\"https:\/\/www.klimmer-gmbh.de\/de\/#\/schema\/logo\/image\/\",\"url\":\"https:\/\/www.klimmer-gmbh.de\/wp-content\/uploads\/2023\/05\/klimmergmbhde.svg\",\"contentUrl\":\"https:\/\/www.klimmer-gmbh.de\/wp-content\/uploads\/2023\/05\/klimmergmbhde.svg\",\"width\":\"1030\",\"height\":\"1030\",\"caption\":\"BSB BWB\"},\"image\":{\"@id\":\"https:\/\/www.klimmer-gmbh.de\/de\/#\/schema\/logo\/image\/\"}},{\"@type\":\"Person\",\"@id\":\"https:\/\/www.klimmer-gmbh.de\/de\/#\/schema\/person\/d5128cce43d59a59c0aa80e916b38d24\",\"name\":\"Agentur Baur\",\"image\":{\"@type\":\"ImageObject\",\"inLanguage\":\"de\",\"@id\":\"https:\/\/www.klimmer-gmbh.de\/de\/#\/schema\/person\/image\/\",\"url\":\"https:\/\/secure.gravatar.com\/avatar\/6ba7568bfe306c59d5d6639c266a33530d3f71fdaecedc6e6f5d64a7eefd1e33?s=96&d=mm&r=g\",\"contentUrl\":\"https:\/\/secure.gravatar.com\/avatar\/6ba7568bfe306c59d5d6639c266a33530d3f71fdaecedc6e6f5d64a7eefd1e33?s=96&d=mm&r=g\",\"caption\":\"Agentur Baur\"}}]}<\/script>\n<!-- \/ Yoast SEO plugin. -->","yoast_head_json":{"title":"PROJEKT GESICHTER DER HOFFUNG","description":"Die Familienstiftung Klimmer hat seit ihrer Er\u00adrich\u00adtung bereits un\u00adter\u00adschied\u00adliche Ar\u00adten der Pro\u00adjekt\u00adf\u00f6r\u00adde\u00adrung erfolg\u00adreich um\u00adgesetzt.","robots":{"index":"index","follow":"follow","max-snippet":"max-snippet:-1","max-image-preview":"max-image-preview:large","max-video-preview":"max-video-preview:-1"},"canonical":"https:\/\/www.klimmer-gmbh.de\/de\/familienstiftung-projekt-gesichter-der-hoffnung\/","og_locale":"de_DE","og_type":"article","og_title":"PROJEKT GESICHTER DER HOFFUNG","og_description":"Die Familienstiftung Klimmer hat seit ihrer Er\u00adrich\u00adtung bereits un\u00adter\u00adschied\u00adliche Ar\u00adten der Pro\u00adjekt\u00adf\u00f6r\u00adde\u00adrung erfolg\u00adreich um\u00adgesetzt.","og_url":"https:\/\/www.klimmer-gmbh.de\/de\/familienstiftung-projekt-gesichter-der-hoffnung\/","og_site_name":"Klimmer GmbH","article_published_time":"2019-10-30T07:09:00+00:00","article_modified_time":"2024-03-26T07:30:02+00:00","og_image":[{"width":800,"height":800,"url":"https:\/\/www.klimmer-gmbh.de\/wp-content\/uploads\/2024\/03\/NEWS_30_Okt_2019_Familienstiftung-Projekt-Gesichter-Hoffnung.jpg","type":"image\/jpeg"}],"author":"Agentur Baur","twitter_card":"summary_large_image","twitter_misc":{"Verfasst von":"Agentur Baur","Gesch\u00e4tzte Lesezeit":"2\u00a0Minuten"},"schema":{"@context":"https:\/\/schema.org","@graph":[{"@type":"Article","@id":"https:\/\/www.klimmer-gmbh.de\/de\/familienstiftung-projekt-gesichter-der-hoffnung\/#article","isPartOf":{"@id":"https:\/\/www.klimmer-gmbh.de\/de\/familienstiftung-projekt-gesichter-der-hoffnung\/"},"author":{"name":"Agentur Baur","@id":"https:\/\/www.klimmer-gmbh.de\/de\/#\/schema\/person\/d5128cce43d59a59c0aa80e916b38d24"},"headline":"Familienstiftung Ernst und Ria Klimmer \u2013 Projekt Gesichter der Hoffnung.","datePublished":"2019-10-30T07:09:00+00:00","dateModified":"2024-03-26T07:30:02+00:00","mainEntityOfPage":{"@id":"https:\/\/www.klimmer-gmbh.de\/de\/familienstiftung-projekt-gesichter-der-hoffnung\/"},"wordCount":2077,"publisher":{"@id":"https:\/\/www.klimmer-gmbh.de\/de\/#organization"},"image":{"@id":"https:\/\/www.klimmer-gmbh.de\/de\/familienstiftung-projekt-gesichter-der-hoffnung\/#primaryimage"},"thumbnailUrl":"https:\/\/www.klimmer-gmbh.de\/wp-content\/uploads\/2024\/03\/NEWS_30_Okt_2019_Familienstiftung-Projekt-Gesichter-Hoffnung.jpg","articleSection":["Newsroom"],"inLanguage":"de"},{"@type":"WebPage","@id":"https:\/\/www.klimmer-gmbh.de\/de\/familienstiftung-projekt-gesichter-der-hoffnung\/","url":"https:\/\/www.klimmer-gmbh.de\/de\/familienstiftung-projekt-gesichter-der-hoffnung\/","name":"PROJEKT GESICHTER DER HOFFUNG","isPartOf":{"@id":"https:\/\/www.klimmer-gmbh.de\/de\/#website"},"primaryImageOfPage":{"@id":"https:\/\/www.klimmer-gmbh.de\/de\/familienstiftung-projekt-gesichter-der-hoffnung\/#primaryimage"},"image":{"@id":"https:\/\/www.klimmer-gmbh.de\/de\/familienstiftung-projekt-gesichter-der-hoffnung\/#primaryimage"},"thumbnailUrl":"https:\/\/www.klimmer-gmbh.de\/wp-content\/uploads\/2024\/03\/NEWS_30_Okt_2019_Familienstiftung-Projekt-Gesichter-Hoffnung.jpg","datePublished":"2019-10-30T07:09:00+00:00","dateModified":"2024-03-26T07:30:02+00:00","description":"Die Familienstiftung Klimmer hat seit ihrer Er\u00adrich\u00adtung bereits un\u00adter\u00adschied\u00adliche Ar\u00adten der Pro\u00adjekt\u00adf\u00f6r\u00adde\u00adrung erfolg\u00adreich um\u00adgesetzt.","breadcrumb":{"@id":"https:\/\/www.klimmer-gmbh.de\/de\/familienstiftung-projekt-gesichter-der-hoffnung\/#breadcrumb"},"inLanguage":"de","potentialAction":[{"@type":"ReadAction","target":["https:\/\/www.klimmer-gmbh.de\/de\/familienstiftung-projekt-gesichter-der-hoffnung\/"]}]},{"@type":"ImageObject","inLanguage":"de","@id":"https:\/\/www.klimmer-gmbh.de\/de\/familienstiftung-projekt-gesichter-der-hoffnung\/#primaryimage","url":"https:\/\/www.klimmer-gmbh.de\/wp-content\/uploads\/2024\/03\/NEWS_30_Okt_2019_Familienstiftung-Projekt-Gesichter-Hoffnung.jpg","contentUrl":"https:\/\/www.klimmer-gmbh.de\/wp-content\/uploads\/2024\/03\/NEWS_30_Okt_2019_Familienstiftung-Projekt-Gesichter-Hoffnung.jpg","width":800,"height":800},{"@type":"BreadcrumbList","@id":"https:\/\/www.klimmer-gmbh.de\/de\/familienstiftung-projekt-gesichter-der-hoffnung\/#breadcrumb","itemListElement":[{"@type":"ListItem","position":1,"name":"Startseite","item":"https:\/\/www.klimmer-gmbh.de\/de\/startseite\/"},{"@type":"ListItem","position":2,"name":"Familienstiftung Ernst und Ria Klimmer \u2013 Projekt Gesichter der Hoffnung."}]},{"@type":"WebSite","@id":"https:\/\/www.klimmer-gmbh.de\/de\/#website","url":"https:\/\/www.klimmer-gmbh.de\/de\/","name":"Klimmer GmbH","description":"","publisher":{"@id":"https:\/\/www.klimmer-gmbh.de\/de\/#organization"},"potentialAction":[{"@type":"SearchAction","target":{"@type":"EntryPoint","urlTemplate":"https:\/\/www.klimmer-gmbh.de\/de\/?s={search_term_string}"},"query-input":{"@type":"PropertyValueSpecification","valueRequired":true,"valueName":"search_term_string"}}],"inLanguage":"de"},{"@type":"Organization","@id":"https:\/\/www.klimmer-gmbh.de\/de\/#organization","name":"BSB BWB","url":"https:\/\/www.klimmer-gmbh.de\/de\/","logo":{"@type":"ImageObject","inLanguage":"de","@id":"https:\/\/www.klimmer-gmbh.de\/de\/#\/schema\/logo\/image\/","url":"https:\/\/www.klimmer-gmbh.de\/wp-content\/uploads\/2023\/05\/klimmergmbhde.svg","contentUrl":"https:\/\/www.klimmer-gmbh.de\/wp-content\/uploads\/2023\/05\/klimmergmbhde.svg","width":"1030","height":"1030","caption":"BSB BWB"},"image":{"@id":"https:\/\/www.klimmer-gmbh.de\/de\/#\/schema\/logo\/image\/"}},{"@type":"Person","@id":"https:\/\/www.klimmer-gmbh.de\/de\/#\/schema\/person\/d5128cce43d59a59c0aa80e916b38d24","name":"Agentur Baur","image":{"@type":"ImageObject","inLanguage":"de","@id":"https:\/\/www.klimmer-gmbh.de\/de\/#\/schema\/person\/image\/","url":"https:\/\/secure.gravatar.com\/avatar\/6ba7568bfe306c59d5d6639c266a33530d3f71fdaecedc6e6f5d64a7eefd1e33?s=96&d=mm&r=g","contentUrl":"https:\/\/secure.gravatar.com\/avatar\/6ba7568bfe306c59d5d6639c266a33530d3f71fdaecedc6e6f5d64a7eefd1e33?s=96&d=mm&r=g","caption":"Agentur Baur"}}]}},"_links":{"self":[{"href":"https:\/\/www.klimmer-gmbh.de\/de\/wp-json\/wp\/v2\/posts\/7944","targetHints":{"allow":["GET"]}}],"collection":[{"href":"https:\/\/www.klimmer-gmbh.de\/de\/wp-json\/wp\/v2\/posts"}],"about":[{"href":"https:\/\/www.klimmer-gmbh.de\/de\/wp-json\/wp\/v2\/types\/post"}],"author":[{"embeddable":true,"href":"https:\/\/www.klimmer-gmbh.de\/de\/wp-json\/wp\/v2\/users\/2"}],"replies":[{"embeddable":true,"href":"https:\/\/www.klimmer-gmbh.de\/de\/wp-json\/wp\/v2\/comments?post=7944"}],"version-history":[{"count":4,"href":"https:\/\/www.klimmer-gmbh.de\/de\/wp-json\/wp\/v2\/posts\/7944\/revisions"}],"predecessor-version":[{"id":7968,"href":"https:\/\/www.klimmer-gmbh.de\/de\/wp-json\/wp\/v2\/posts\/7944\/revisions\/7968"}],"wp:featuredmedia":[{"embeddable":true,"href":"https:\/\/www.klimmer-gmbh.de\/de\/wp-json\/wp\/v2\/media\/7950"}],"wp:attachment":[{"href":"https:\/\/www.klimmer-gmbh.de\/de\/wp-json\/wp\/v2\/media?parent=7944"}],"wp:term":[{"taxonomy":"category","embeddable":true,"href":"https:\/\/www.klimmer-gmbh.de\/de\/wp-json\/wp\/v2\/categories?post=7944"},{"taxonomy":"post_tag","embeddable":true,"href":"https:\/\/www.klimmer-gmbh.de\/de\/wp-json\/wp\/v2\/tags?post=7944"}],"curies":[{"name":"wp","href":"https:\/\/api.w.org\/{rel}","templated":true}]}}