{"id":8007,"date":"2018-12-03T09:01:00","date_gmt":"2018-12-03T08:01:00","guid":{"rendered":"https:\/\/www.klimmer-gmbh.de\/?p=8007"},"modified":"2024-03-26T09:06:08","modified_gmt":"2024-03-26T08:06:08","slug":"ehrung-der-jubilare-2018","status":"publish","type":"post","link":"https:\/\/www.klimmer-gmbh.de\/de\/ehrung-der-jubilare-2018\/","title":{"rendered":"Jubilarsfeier 29.11.2018."},"content":{"rendered":"\n<style type=\"text\/css\" data-created_by=\"avia_inline_auto\" id=\"style-css-av-mu1ni4-df51fce55647a893d7d355f6ad71addd\">\n.avia-section.av-mu1ni4-df51fce55647a893d7d355f6ad71addd{\nbackground-repeat:no-repeat;\nbackground-image:url(https:\/\/www.klimmer-gmbh.de\/wp-content\/uploads\/2023\/05\/Klimmer-Top-Banner-Arbeiten-bei-klimmer.jpg);\nbackground-position:50% 0%;\nbackground-attachment:scroll;\n}\n<\/style>\n<div id='special-teaser-section'  class='avia-section av-mu1ni4-df51fce55647a893d7d355f6ad71addd main_color avia-section-default avia-no-border-styling  avia-builder-el-0  el_before_av_section  avia-builder-el-first  avia-full-stretch avia-bg-style-scroll av-minimum-height av-minimum-height-custom av-height-custom  container_wrap fullsize'  data-section-bg-repeat='stretch' data-av_minimum_height_px='600'><div class='container av-section-cont-open' style='height:600px'><main  role=\"main\" itemprop=\"mainContentOfPage\"  class='template-page content  av-content-full alpha units'><div class='post-entry post-entry-type-page post-entry-8007'><div class='entry-content-wrapper clearfix'>\n\n<style type=\"text\/css\" data-created_by=\"avia_inline_auto\" id=\"style-css-av-kcjruk-af8a3a7b2b4b89b6865d5e580c5c51a9\">\n.flex_column.av-kcjruk-af8a3a7b2b4b89b6865d5e580c5c51a9{\nborder-radius:0px 0px 0px 0px;\npadding:0px 0px 0px 0px;\n}\n<\/style>\n<div  id=\"special-teaser\"  class='flex_column av-kcjruk-af8a3a7b2b4b89b6865d5e580c5c51a9 av_one_full  avia-builder-el-1  avia-builder-el-no-sibling  first flex_column_div av-zero-column-padding  '     ><style type=\"text\/css\" data-created_by=\"avia_inline_auto\" id=\"style-css-av-kltgbgy2-3366f48b43e5175d32082156824eba23\">\n#top .av-special-heading.av-kltgbgy2-3366f48b43e5175d32082156824eba23{\npadding-bottom:10px;\n}\nbody .av-special-heading.av-kltgbgy2-3366f48b43e5175d32082156824eba23 .av-special-heading-tag .heading-char{\nfont-size:25px;\n}\n.av-special-heading.av-kltgbgy2-3366f48b43e5175d32082156824eba23 .av-subheading{\nfont-size:15px;\n}\n<\/style>\n<div  id=\"teaser-headline\"  class='av-special-heading av-kltgbgy2-3366f48b43e5175d32082156824eba23 av-special-heading-h1 blockquote modern-quote  avia-builder-el-2  avia-builder-el-no-sibling '><h1 class='av-special-heading-tag '  itemprop=\"headline\"  >Jubilarsfeier 29.11.2018.<\/h1><div class=\"special-heading-border\"><div class=\"special-heading-inner-border\"><\/div><\/div><\/div><\/div><\/div><\/div><\/main><!-- close content main element --><\/div><\/div><div id='av_section_2'  class='avia-section av-jj6w0c-af83d8dddcb476734fd0aba904d9956f main_color avia-section-default avia-no-border-styling  avia-builder-el-3  el_after_av_section  avia-builder-el-last  avia-bg-style-scroll container_wrap fullsize'  ><div class='container av-section-cont-open' ><div class='template-page content  av-content-full alpha units'><div class='post-entry post-entry-type-page post-entry-8007'><div class='entry-content-wrapper clearfix'>\n<section  class='av_textblock_section av-hryfuk-3d70c94c6a728ec8f500c8e961593034 '   itemscope=\"itemscope\" itemtype=\"https:\/\/schema.org\/BlogPosting\" itemprop=\"blogPost\" ><div class='avia_textblock'  itemprop=\"text\" ><div class=\"breadcrumb breadcrumbs avia-breadcrumbs\"><div class=\"breadcrumb-trail\" ><span class=\"trail-before\"><span class=\"breadcrumb-title\">Du bist hier:<\/span><\/span> <span  itemscope=\"itemscope\" itemtype=\"https:\/\/schema.org\/BreadcrumbList\" ><span  itemscope=\"itemscope\" itemtype=\"https:\/\/schema.org\/ListItem\" itemprop=\"itemListElement\" ><a itemprop=\"url\" href=\"https:\/\/www.klimmer-gmbh.de\/de\/\" title=\"Klimmer GmbH\" rel=\"home\" class=\"trail-begin\"><span itemprop=\"name\">Startseite<\/span><\/a><span itemprop=\"position\" class=\"hidden\">1<\/span><\/span><\/span><\/div><\/div>\n<\/div><\/section>\n<div class='flex_column_table av-1iac2k-d711965f27a7033b3eabf571ecd5ff9c sc-av_two_third av-equal-height-column-flextable'>\n<style type=\"text\/css\" data-created_by=\"avia_inline_auto\" id=\"style-css-av-1iac2k-d711965f27a7033b3eabf571ecd5ff9c\">\n.flex_column.av-1iac2k-d711965f27a7033b3eabf571ecd5ff9c{\nborder-radius:0px 0px 0px 0px;\npadding:0px 0px 0px 0px;\n}\n<\/style>\n<div  class='flex_column av-1iac2k-d711965f27a7033b3eabf571ecd5ff9c av_two_third  avia-builder-el-5  el_after_av_textblock  el_before_av_one_third  first flex_column_table_cell av-equal-height-column av-align-top av-zero-column-padding  column-top-margin'     ><p>\n<style type=\"text\/css\" data-created_by=\"avia_inline_auto\" id=\"style-css-av-dl375o-7bba97ceeb78221873074fef72a495c4\">\n#top .hr.av-dl375o-7bba97ceeb78221873074fef72a495c4{\nmargin-top:0px;\nmargin-bottom:0px;\n}\n.hr.av-dl375o-7bba97ceeb78221873074fef72a495c4 .hr-inner{\nwidth:100%;\nborder-color:#1e80c2;\n}\n<\/style>\n<div  id=\"custom-hr-line-blue\"  class='hr av-dl375o-7bba97ceeb78221873074fef72a495c4 hr-custom  avia-builder-el-6  el_before_av_heading  avia-builder-el-first  hr-center hr-icon-no'><span class='hr-inner inner-border-av-border-fat'><span class=\"hr-inner-style\"><\/span><\/span><\/div><br \/>\n\n<style type=\"text\/css\" data-created_by=\"avia_inline_auto\" id=\"style-css-av-kltgcmzh-7284888966ad74dbd53935697669dbe1\">\n#top .av-special-heading.av-kltgcmzh-7284888966ad74dbd53935697669dbe1{\npadding-bottom:10px;\n}\nbody .av-special-heading.av-kltgcmzh-7284888966ad74dbd53935697669dbe1 .av-special-heading-tag .heading-char{\nfont-size:25px;\n}\n.av-special-heading.av-kltgcmzh-7284888966ad74dbd53935697669dbe1 .av-subheading{\nfont-size:15px;\n}\n<\/style>\n<div  class='av-special-heading av-kltgcmzh-7284888966ad74dbd53935697669dbe1 av-special-heading-h5 blockquote modern-quote  avia-builder-el-7  el_after_av_hr  el_before_av_hr '><h5 class='av-special-heading-tag '  itemprop=\"headline\"  >3. Dezember 2018 | Aktuelles.<\/h5><div class=\"special-heading-border\"><div class=\"special-heading-inner-border\"><\/div><\/div><\/div><br \/>\n\n<style type=\"text\/css\" data-created_by=\"avia_inline_auto\" id=\"style-css-av-cznldo-467ee6b8e844c849edefe7e9413b12e0\">\n#top .hr.hr-invisible.av-cznldo-467ee6b8e844c849edefe7e9413b12e0{\nheight:50px;\n}\n<\/style>\n<div  class='hr av-cznldo-467ee6b8e844c849edefe7e9413b12e0 hr-invisible  avia-builder-el-8  el_after_av_heading  el_before_av_image '><span class='hr-inner '><span class=\"hr-inner-style\"><\/span><\/span><\/div><br \/>\n\n<style type=\"text\/css\" data-created_by=\"avia_inline_auto\" id=\"style-css-av-l7pwzk94-26879c251f14d24a0f3dfa607487e0ca\">\n.avia-image-container.av-l7pwzk94-26879c251f14d24a0f3dfa607487e0ca img.avia_image{\nbox-shadow:none;\n}\n.avia-image-container.av-l7pwzk94-26879c251f14d24a0f3dfa607487e0ca .av-image-caption-overlay-center{\ncolor:#ffffff;\n}\n<\/style>\n<div  class='avia-image-container av-l7pwzk94-26879c251f14d24a0f3dfa607487e0ca av-styling- avia-align-center  avia-builder-el-9  el_after_av_hr  el_before_av_textblock '   itemprop=\"image\" itemscope=\"itemscope\" itemtype=\"https:\/\/schema.org\/ImageObject\" ><div class=\"avia-image-container-inner\"><div class=\"avia-image-overlay-wrap\"><img decoding=\"async\" fetchpriority=\"high\" class='wp-image-8011 avia-img-lazy-loading-not-8011 avia_image ' src=\"https:\/\/www.klimmer-gmbh.de\/wp-content\/uploads\/2024\/03\/3_Dez_2018_Jubilare-2018-1300x866-1.jpg\" alt='' title=''  height=\"866\" width=\"1300\"  itemprop=\"thumbnailUrl\" srcset=\"https:\/\/www.klimmer-gmbh.de\/wp-content\/uploads\/2024\/03\/3_Dez_2018_Jubilare-2018-1300x866-1.jpg 1300w, https:\/\/www.klimmer-gmbh.de\/wp-content\/uploads\/2024\/03\/3_Dez_2018_Jubilare-2018-1300x866-1-300x200.jpg 300w, https:\/\/www.klimmer-gmbh.de\/wp-content\/uploads\/2024\/03\/3_Dez_2018_Jubilare-2018-1300x866-1-1030x686.jpg 1030w, https:\/\/www.klimmer-gmbh.de\/wp-content\/uploads\/2024\/03\/3_Dez_2018_Jubilare-2018-1300x866-1-768x512.jpg 768w\" sizes=\"(max-width: 1300px) 100vw, 1300px\" \/><\/div><\/div><\/div><br \/>\n<section  class='av_textblock_section av-km0a28cm-be9b304b6e3bf79a7b946722edd5a25e '   itemscope=\"itemscope\" itemtype=\"https:\/\/schema.org\/BlogPosting\" itemprop=\"blogPost\" ><div class='avia_textblock'  itemprop=\"text\" ><p>Auch dieses Jahr wurden 15 Jubilare der Ernst Klimmer GmbH geehrt.<\/p>\n<p>Unter den diesj\u00e4hrigen Jubilaren befanden sich langj\u00e4hrige Mitarbeiter, die das 10., 25., 35. und 40. j\u00e4hrige Firmenjubil\u00e4um feiern durften.<\/p>\n<p>Wir bedanken uns auch an dieser Stelle nochmals f\u00fcr die gute und treue Mitarbeit bei allen Jubilaren und freuen uns auf eine weiterhin gute Zusammenarbeit.<\/p>\n<\/div><\/section><\/p><\/div><div class='av-flex-placeholder'><\/div>\n<style type=\"text\/css\" data-created_by=\"avia_inline_auto\" id=\"style-css-av-9snpvw-acd2ac3cf6eeae3a6d155f91996fd474\">\n.flex_column.av-9snpvw-acd2ac3cf6eeae3a6d155f91996fd474{\nborder-radius:0px 0px 0px 0px;\npadding:0px 0px 0px 0px;\n}\n<\/style>\n<div  class='flex_column av-9snpvw-acd2ac3cf6eeae3a6d155f91996fd474 av_one_third  avia-builder-el-11  el_after_av_two_third  el_before_av_button  flex_column_table_cell av-equal-height-column av-align-top av-zero-column-padding  column-top-margin'     ><\/div><\/div><!--close column table wrapper. Autoclose: 1 --><div  class='avia-button-wrap av-2gboq4-b6010ac30879efa0507dfb174b75ed40-wrap avia-button-left  avia-builder-el-12  el_after_av_one_third  avia-builder-el-last '><a href='https:\/\/www.klimmer-gmbh.de\/de\/unternehmen\/newsroom\/'  class='avia-button av-2gboq4-b6010ac30879efa0507dfb174b75ed40 av-link-btn avia-icon_select-no avia-size-small avia-position-left avia-color-theme-color'   aria-label=\"Zur\u00fcck zum Newsroom\"><span class='avia_iconbox_title' >Zur\u00fcck zum Newsroom<\/span><\/a><\/div>\n<\/p>\n","protected":false},"excerpt":{"rendered":"<p>Auch dieses Jahr wurden 15 Jubilare der Ernst Klimmer GmbH geehrt.<\/p>\n<p>Wir bedanken uns auch an dieser Stelle nochmals f\u00fcr die gute und treue Mitarbeit bei allen Jubilaren und freuen uns auf eine weiterhin gute Zusammenarbeit.<\/p>\n","protected":false},"author":2,"featured_media":8013,"comment_status":"closed","ping_status":"closed","sticky":false,"template":"","format":"standard","meta":{"inline_featured_image":false,"footnotes":""},"categories":[11],"tags":[],"class_list":["post-8007","post","type-post","status-publish","format-standard","has-post-thumbnail","hentry","category-newsroom"],"yoast_head":"<!-- This site is optimized with the Yoast SEO plugin v26.8 - https:\/\/yoast.com\/product\/yoast-seo-wordpress\/ -->\n<title>JUBILARFEIER.<\/title>\n<meta name=\"description\" content=\"Auch dieses Jahr wurden 15 Jubilare der Ernst Klimmer GmbH geehrt. Wir bedanken uns auch an dieser Stelle nochmals f\u00fcr die gute und treue Mitarbeit bei allen Jubilaren und freuen uns auf eine weiterhin gute Zusammenarbeit.\" \/>\n<meta name=\"robots\" content=\"index, follow, max-snippet:-1, max-image-preview:large, max-video-preview:-1\" \/>\n<link rel=\"canonical\" href=\"https:\/\/www.klimmer-gmbh.de\/de\/ehrung-der-jubilare-2018\/\" \/>\n<meta property=\"og:locale\" content=\"de_DE\" \/>\n<meta property=\"og:type\" content=\"article\" \/>\n<meta property=\"og:title\" content=\"JUBILARFEIER.\" \/>\n<meta property=\"og:description\" content=\"Auch dieses Jahr wurden 15 Jubilare der Ernst Klimmer GmbH geehrt. Wir bedanken uns auch an dieser Stelle nochmals f\u00fcr die gute und treue Mitarbeit bei allen Jubilaren und freuen uns auf eine weiterhin gute Zusammenarbeit.\" \/>\n<meta property=\"og:url\" content=\"https:\/\/www.klimmer-gmbh.de\/de\/ehrung-der-jubilare-2018\/\" \/>\n<meta property=\"og:site_name\" content=\"Klimmer GmbH\" \/>\n<meta property=\"article:published_time\" content=\"2018-12-03T08:01:00+00:00\" \/>\n<meta property=\"article:modified_time\" content=\"2024-03-26T08:06:08+00:00\" \/>\n<meta property=\"og:image\" content=\"https:\/\/www.klimmer-gmbh.de\/wp-content\/uploads\/2024\/03\/NEWS_3_Dez_2018_Jubilare-2018.jpg\" \/>\n\t<meta property=\"og:image:width\" content=\"800\" \/>\n\t<meta property=\"og:image:height\" content=\"800\" \/>\n\t<meta property=\"og:image:type\" content=\"image\/jpeg\" \/>\n<meta name=\"author\" content=\"Agentur Baur\" \/>\n<meta name=\"twitter:card\" content=\"summary_large_image\" \/>\n<meta name=\"twitter:label1\" content=\"Verfasst von\" \/>\n\t<meta name=\"twitter:data1\" content=\"Agentur Baur\" \/>\n\t<meta name=\"twitter:label2\" content=\"Gesch\u00e4tzte Lesezeit\" \/>\n\t<meta name=\"twitter:data2\" content=\"1\u00a0Minute\" \/>\n<script type=\"application\/ld+json\" class=\"yoast-schema-graph\">{\"@context\":\"https:\/\/schema.org\",\"@graph\":[{\"@type\":\"Article\",\"@id\":\"https:\/\/www.klimmer-gmbh.de\/de\/ehrung-der-jubilare-2018\/#article\",\"isPartOf\":{\"@id\":\"https:\/\/www.klimmer-gmbh.de\/de\/ehrung-der-jubilare-2018\/\"},\"author\":{\"name\":\"Agentur Baur\",\"@id\":\"https:\/\/www.klimmer-gmbh.de\/de\/#\/schema\/person\/d5128cce43d59a59c0aa80e916b38d24\"},\"headline\":\"Jubilarsfeier 29.11.2018.\",\"datePublished\":\"2018-12-03T08:01:00+00:00\",\"dateModified\":\"2024-03-26T08:06:08+00:00\",\"mainEntityOfPage\":{\"@id\":\"https:\/\/www.klimmer-gmbh.de\/de\/ehrung-der-jubilare-2018\/\"},\"wordCount\":1724,\"publisher\":{\"@id\":\"https:\/\/www.klimmer-gmbh.de\/de\/#organization\"},\"image\":{\"@id\":\"https:\/\/www.klimmer-gmbh.de\/de\/ehrung-der-jubilare-2018\/#primaryimage\"},\"thumbnailUrl\":\"https:\/\/www.klimmer-gmbh.de\/wp-content\/uploads\/2024\/03\/NEWS_3_Dez_2018_Jubilare-2018.jpg\",\"articleSection\":[\"Newsroom\"],\"inLanguage\":\"de\"},{\"@type\":\"WebPage\",\"@id\":\"https:\/\/www.klimmer-gmbh.de\/de\/ehrung-der-jubilare-2018\/\",\"url\":\"https:\/\/www.klimmer-gmbh.de\/de\/ehrung-der-jubilare-2018\/\",\"name\":\"JUBILARFEIER.\",\"isPartOf\":{\"@id\":\"https:\/\/www.klimmer-gmbh.de\/de\/#website\"},\"primaryImageOfPage\":{\"@id\":\"https:\/\/www.klimmer-gmbh.de\/de\/ehrung-der-jubilare-2018\/#primaryimage\"},\"image\":{\"@id\":\"https:\/\/www.klimmer-gmbh.de\/de\/ehrung-der-jubilare-2018\/#primaryimage\"},\"thumbnailUrl\":\"https:\/\/www.klimmer-gmbh.de\/wp-content\/uploads\/2024\/03\/NEWS_3_Dez_2018_Jubilare-2018.jpg\",\"datePublished\":\"2018-12-03T08:01:00+00:00\",\"dateModified\":\"2024-03-26T08:06:08+00:00\",\"description\":\"Auch dieses Jahr wurden 15 Jubilare der Ernst Klimmer GmbH geehrt. Wir bedanken uns auch an dieser Stelle nochmals f\u00fcr die gute und treue Mitarbeit bei allen Jubilaren und freuen uns auf eine weiterhin gute Zusammenarbeit.\",\"breadcrumb\":{\"@id\":\"https:\/\/www.klimmer-gmbh.de\/de\/ehrung-der-jubilare-2018\/#breadcrumb\"},\"inLanguage\":\"de\",\"potentialAction\":[{\"@type\":\"ReadAction\",\"target\":[\"https:\/\/www.klimmer-gmbh.de\/de\/ehrung-der-jubilare-2018\/\"]}]},{\"@type\":\"ImageObject\",\"inLanguage\":\"de\",\"@id\":\"https:\/\/www.klimmer-gmbh.de\/de\/ehrung-der-jubilare-2018\/#primaryimage\",\"url\":\"https:\/\/www.klimmer-gmbh.de\/wp-content\/uploads\/2024\/03\/NEWS_3_Dez_2018_Jubilare-2018.jpg\",\"contentUrl\":\"https:\/\/www.klimmer-gmbh.de\/wp-content\/uploads\/2024\/03\/NEWS_3_Dez_2018_Jubilare-2018.jpg\",\"width\":800,\"height\":800},{\"@type\":\"BreadcrumbList\",\"@id\":\"https:\/\/www.klimmer-gmbh.de\/de\/ehrung-der-jubilare-2018\/#breadcrumb\",\"itemListElement\":[{\"@type\":\"ListItem\",\"position\":1,\"name\":\"Startseite\",\"item\":\"https:\/\/www.klimmer-gmbh.de\/de\/startseite\/\"},{\"@type\":\"ListItem\",\"position\":2,\"name\":\"Jubilarsfeier 29.11.2018.\"}]},{\"@type\":\"WebSite\",\"@id\":\"https:\/\/www.klimmer-gmbh.de\/de\/#website\",\"url\":\"https:\/\/www.klimmer-gmbh.de\/de\/\",\"name\":\"Klimmer GmbH\",\"description\":\"\",\"publisher\":{\"@id\":\"https:\/\/www.klimmer-gmbh.de\/de\/#organization\"},\"potentialAction\":[{\"@type\":\"SearchAction\",\"target\":{\"@type\":\"EntryPoint\",\"urlTemplate\":\"https:\/\/www.klimmer-gmbh.de\/de\/?s={search_term_string}\"},\"query-input\":{\"@type\":\"PropertyValueSpecification\",\"valueRequired\":true,\"valueName\":\"search_term_string\"}}],\"inLanguage\":\"de\"},{\"@type\":\"Organization\",\"@id\":\"https:\/\/www.klimmer-gmbh.de\/de\/#organization\",\"name\":\"BSB BWB\",\"url\":\"https:\/\/www.klimmer-gmbh.de\/de\/\",\"logo\":{\"@type\":\"ImageObject\",\"inLanguage\":\"de\",\"@id\":\"https:\/\/www.klimmer-gmbh.de\/de\/#\/schema\/logo\/image\/\",\"url\":\"https:\/\/www.klimmer-gmbh.de\/wp-content\/uploads\/2023\/05\/klimmergmbhde.svg\",\"contentUrl\":\"https:\/\/www.klimmer-gmbh.de\/wp-content\/uploads\/2023\/05\/klimmergmbhde.svg\",\"width\":\"1030\",\"height\":\"1030\",\"caption\":\"BSB BWB\"},\"image\":{\"@id\":\"https:\/\/www.klimmer-gmbh.de\/de\/#\/schema\/logo\/image\/\"}},{\"@type\":\"Person\",\"@id\":\"https:\/\/www.klimmer-gmbh.de\/de\/#\/schema\/person\/d5128cce43d59a59c0aa80e916b38d24\",\"name\":\"Agentur Baur\",\"image\":{\"@type\":\"ImageObject\",\"inLanguage\":\"de\",\"@id\":\"https:\/\/www.klimmer-gmbh.de\/de\/#\/schema\/person\/image\/\",\"url\":\"https:\/\/secure.gravatar.com\/avatar\/6ba7568bfe306c59d5d6639c266a33530d3f71fdaecedc6e6f5d64a7eefd1e33?s=96&d=mm&r=g\",\"contentUrl\":\"https:\/\/secure.gravatar.com\/avatar\/6ba7568bfe306c59d5d6639c266a33530d3f71fdaecedc6e6f5d64a7eefd1e33?s=96&d=mm&r=g\",\"caption\":\"Agentur Baur\"}}]}<\/script>\n<!-- \/ Yoast SEO plugin. -->","yoast_head_json":{"title":"JUBILARFEIER.","description":"Auch dieses Jahr wurden 15 Jubilare der Ernst Klimmer GmbH geehrt. Wir bedanken uns auch an dieser Stelle nochmals f\u00fcr die gute und treue Mitarbeit bei allen Jubilaren und freuen uns auf eine weiterhin gute Zusammenarbeit.","robots":{"index":"index","follow":"follow","max-snippet":"max-snippet:-1","max-image-preview":"max-image-preview:large","max-video-preview":"max-video-preview:-1"},"canonical":"https:\/\/www.klimmer-gmbh.de\/de\/ehrung-der-jubilare-2018\/","og_locale":"de_DE","og_type":"article","og_title":"JUBILARFEIER.","og_description":"Auch dieses Jahr wurden 15 Jubilare der Ernst Klimmer GmbH geehrt. Wir bedanken uns auch an dieser Stelle nochmals f\u00fcr die gute und treue Mitarbeit bei allen Jubilaren und freuen uns auf eine weiterhin gute Zusammenarbeit.","og_url":"https:\/\/www.klimmer-gmbh.de\/de\/ehrung-der-jubilare-2018\/","og_site_name":"Klimmer GmbH","article_published_time":"2018-12-03T08:01:00+00:00","article_modified_time":"2024-03-26T08:06:08+00:00","og_image":[{"width":800,"height":800,"url":"https:\/\/www.klimmer-gmbh.de\/wp-content\/uploads\/2024\/03\/NEWS_3_Dez_2018_Jubilare-2018.jpg","type":"image\/jpeg"}],"author":"Agentur Baur","twitter_card":"summary_large_image","twitter_misc":{"Verfasst von":"Agentur Baur","Gesch\u00e4tzte Lesezeit":"1\u00a0Minute"},"schema":{"@context":"https:\/\/schema.org","@graph":[{"@type":"Article","@id":"https:\/\/www.klimmer-gmbh.de\/de\/ehrung-der-jubilare-2018\/#article","isPartOf":{"@id":"https:\/\/www.klimmer-gmbh.de\/de\/ehrung-der-jubilare-2018\/"},"author":{"name":"Agentur Baur","@id":"https:\/\/www.klimmer-gmbh.de\/de\/#\/schema\/person\/d5128cce43d59a59c0aa80e916b38d24"},"headline":"Jubilarsfeier 29.11.2018.","datePublished":"2018-12-03T08:01:00+00:00","dateModified":"2024-03-26T08:06:08+00:00","mainEntityOfPage":{"@id":"https:\/\/www.klimmer-gmbh.de\/de\/ehrung-der-jubilare-2018\/"},"wordCount":1724,"publisher":{"@id":"https:\/\/www.klimmer-gmbh.de\/de\/#organization"},"image":{"@id":"https:\/\/www.klimmer-gmbh.de\/de\/ehrung-der-jubilare-2018\/#primaryimage"},"thumbnailUrl":"https:\/\/www.klimmer-gmbh.de\/wp-content\/uploads\/2024\/03\/NEWS_3_Dez_2018_Jubilare-2018.jpg","articleSection":["Newsroom"],"inLanguage":"de"},{"@type":"WebPage","@id":"https:\/\/www.klimmer-gmbh.de\/de\/ehrung-der-jubilare-2018\/","url":"https:\/\/www.klimmer-gmbh.de\/de\/ehrung-der-jubilare-2018\/","name":"JUBILARFEIER.","isPartOf":{"@id":"https:\/\/www.klimmer-gmbh.de\/de\/#website"},"primaryImageOfPage":{"@id":"https:\/\/www.klimmer-gmbh.de\/de\/ehrung-der-jubilare-2018\/#primaryimage"},"image":{"@id":"https:\/\/www.klimmer-gmbh.de\/de\/ehrung-der-jubilare-2018\/#primaryimage"},"thumbnailUrl":"https:\/\/www.klimmer-gmbh.de\/wp-content\/uploads\/2024\/03\/NEWS_3_Dez_2018_Jubilare-2018.jpg","datePublished":"2018-12-03T08:01:00+00:00","dateModified":"2024-03-26T08:06:08+00:00","description":"Auch dieses Jahr wurden 15 Jubilare der Ernst Klimmer GmbH geehrt. Wir bedanken uns auch an dieser Stelle nochmals f\u00fcr die gute und treue Mitarbeit bei allen Jubilaren und freuen uns auf eine weiterhin gute Zusammenarbeit.","breadcrumb":{"@id":"https:\/\/www.klimmer-gmbh.de\/de\/ehrung-der-jubilare-2018\/#breadcrumb"},"inLanguage":"de","potentialAction":[{"@type":"ReadAction","target":["https:\/\/www.klimmer-gmbh.de\/de\/ehrung-der-jubilare-2018\/"]}]},{"@type":"ImageObject","inLanguage":"de","@id":"https:\/\/www.klimmer-gmbh.de\/de\/ehrung-der-jubilare-2018\/#primaryimage","url":"https:\/\/www.klimmer-gmbh.de\/wp-content\/uploads\/2024\/03\/NEWS_3_Dez_2018_Jubilare-2018.jpg","contentUrl":"https:\/\/www.klimmer-gmbh.de\/wp-content\/uploads\/2024\/03\/NEWS_3_Dez_2018_Jubilare-2018.jpg","width":800,"height":800},{"@type":"BreadcrumbList","@id":"https:\/\/www.klimmer-gmbh.de\/de\/ehrung-der-jubilare-2018\/#breadcrumb","itemListElement":[{"@type":"ListItem","position":1,"name":"Startseite","item":"https:\/\/www.klimmer-gmbh.de\/de\/startseite\/"},{"@type":"ListItem","position":2,"name":"Jubilarsfeier 29.11.2018."}]},{"@type":"WebSite","@id":"https:\/\/www.klimmer-gmbh.de\/de\/#website","url":"https:\/\/www.klimmer-gmbh.de\/de\/","name":"Klimmer GmbH","description":"","publisher":{"@id":"https:\/\/www.klimmer-gmbh.de\/de\/#organization"},"potentialAction":[{"@type":"SearchAction","target":{"@type":"EntryPoint","urlTemplate":"https:\/\/www.klimmer-gmbh.de\/de\/?s={search_term_string}"},"query-input":{"@type":"PropertyValueSpecification","valueRequired":true,"valueName":"search_term_string"}}],"inLanguage":"de"},{"@type":"Organization","@id":"https:\/\/www.klimmer-gmbh.de\/de\/#organization","name":"BSB BWB","url":"https:\/\/www.klimmer-gmbh.de\/de\/","logo":{"@type":"ImageObject","inLanguage":"de","@id":"https:\/\/www.klimmer-gmbh.de\/de\/#\/schema\/logo\/image\/","url":"https:\/\/www.klimmer-gmbh.de\/wp-content\/uploads\/2023\/05\/klimmergmbhde.svg","contentUrl":"https:\/\/www.klimmer-gmbh.de\/wp-content\/uploads\/2023\/05\/klimmergmbhde.svg","width":"1030","height":"1030","caption":"BSB BWB"},"image":{"@id":"https:\/\/www.klimmer-gmbh.de\/de\/#\/schema\/logo\/image\/"}},{"@type":"Person","@id":"https:\/\/www.klimmer-gmbh.de\/de\/#\/schema\/person\/d5128cce43d59a59c0aa80e916b38d24","name":"Agentur Baur","image":{"@type":"ImageObject","inLanguage":"de","@id":"https:\/\/www.klimmer-gmbh.de\/de\/#\/schema\/person\/image\/","url":"https:\/\/secure.gravatar.com\/avatar\/6ba7568bfe306c59d5d6639c266a33530d3f71fdaecedc6e6f5d64a7eefd1e33?s=96&d=mm&r=g","contentUrl":"https:\/\/secure.gravatar.com\/avatar\/6ba7568bfe306c59d5d6639c266a33530d3f71fdaecedc6e6f5d64a7eefd1e33?s=96&d=mm&r=g","caption":"Agentur Baur"}}]}},"_links":{"self":[{"href":"https:\/\/www.klimmer-gmbh.de\/de\/wp-json\/wp\/v2\/posts\/8007","targetHints":{"allow":["GET"]}}],"collection":[{"href":"https:\/\/www.klimmer-gmbh.de\/de\/wp-json\/wp\/v2\/posts"}],"about":[{"href":"https:\/\/www.klimmer-gmbh.de\/de\/wp-json\/wp\/v2\/types\/post"}],"author":[{"embeddable":true,"href":"https:\/\/www.klimmer-gmbh.de\/de\/wp-json\/wp\/v2\/users\/2"}],"replies":[{"embeddable":true,"href":"https:\/\/www.klimmer-gmbh.de\/de\/wp-json\/wp\/v2\/comments?post=8007"}],"version-history":[{"count":2,"href":"https:\/\/www.klimmer-gmbh.de\/de\/wp-json\/wp\/v2\/posts\/8007\/revisions"}],"predecessor-version":[{"id":8016,"href":"https:\/\/www.klimmer-gmbh.de\/de\/wp-json\/wp\/v2\/posts\/8007\/revisions\/8016"}],"wp:featuredmedia":[{"embeddable":true,"href":"https:\/\/www.klimmer-gmbh.de\/de\/wp-json\/wp\/v2\/media\/8013"}],"wp:attachment":[{"href":"https:\/\/www.klimmer-gmbh.de\/de\/wp-json\/wp\/v2\/media?parent=8007"}],"wp:term":[{"taxonomy":"category","embeddable":true,"href":"https:\/\/www.klimmer-gmbh.de\/de\/wp-json\/wp\/v2\/categories?post=8007"},{"taxonomy":"post_tag","embeddable":true,"href":"https:\/\/www.klimmer-gmbh.de\/de\/wp-json\/wp\/v2\/tags?post=8007"}],"curies":[{"name":"wp","href":"https:\/\/api.w.org\/{rel}","templated":true}]}}